{"id":12477,"date":"2016-10-06T22:17:00","date_gmt":"2016-10-07T04:17:00","guid":{"rendered":"http:\/\/showeet-new.flywheelsites.com\/fr\/?p=12477"},"modified":"2021-07-11T20:13:42","modified_gmt":"2021-07-12T01:13:42","slug":"calendrier-2017-colore-pour-powerpoint-et-keynote","status":"publish","type":"post","link":"https:\/\/www.showeet.com\/fr\/06\/10\/2016\/charts-diagrammes\/calendrier-2017-colore-pour-powerpoint-et-keynote\/","title":{"rendered":"Calendrier 2017 Color\u00e9 pour PowerPoint et Keynote"},"content":{"rendered":"<p>Calendrier 2017 color\u00e9 gratuit pour PowerPoint et Keynote. Calendrier avec tous les mois de l\u2019ann\u00e9e sur 1 diapositive. 2 versions, avec d\u00e9but de la semaine le dimanche ou le lundi. 2 formats disponibles : Standard (4:3) et Grand \u00e9cran (16:9).<\/p>\n<p><!--more--><\/p>\n<p>Pr\u00eat pour \u00eatre imprim\u00e9 ou \u00e0 ins\u00e9rer dans une pr\u00e9sentation (pour vos plannings, emplois du temps&#8230;).<\/p>\n<p>Chaque mois est contenu dans un tableau ind\u00e9pendant (donc \u00e9ditable).<\/p>\n<h2>Le document \u2018Calendrier 2017 Color\u00e9 pour PowerPoint et Keynote\u2019 contient :<\/h2>\n<div style=\"margin-left: 10px;float: right;\" id=\"showe-2551884328\"><script async src=\"\/\/pagead2.googlesyndication.com\/pagead\/js\/adsbygoogle.js?client=ca-pub-5964973302472132\" crossorigin=\"anonymous\"><\/script><ins class=\"adsbygoogle\" style=\"display:inline-block;width:336px;height:280px;\" \ndata-ad-client=\"ca-pub-5964973302472132\" \ndata-ad-slot=\"3802238600\"><\/ins> \n<script> \n(adsbygoogle = window.adsbygoogle || []).push({}); \n<\/script>\n<\/div>\n<ul>\n<li>4 diapositives uniques et de qualit\u00e9 \u00e9pur\u00e9e et professionnelle<\/li>\n<li>Contenu compl\u00e8tement \u00e9ditable (textes et tableaux) avec PowerPoint<\/li>\n<li>Taille des diapositives : Standard (4:3) et Grand \u00e9cran (16:9)<\/li>\n<li>Formats : PowerPoint (.PPTX), Keynote (.KEY)<\/li>\n<li>Licence : <strong>Gratuite \u2013 Attribution<\/strong> (veuillez lire attentivement les &lsquo;<strong><a href=\"https:\/\/www.showeet.com\/fr\/conditions-utilisation\/\">Conditions d&rsquo;Utilisation<\/a><\/strong>&lsquo; avant d&rsquo;utiliser ces mod\u00e8les : certaines restrictions peuvent s&rsquo;appliquer)<\/li>\n<\/ul>\n<h2>Police gratuite utilis\u00e9e :<\/h2>\n<ul>\n<li>Calibri (police Windows int\u00e9gr\u00e9e par d\u00e9faut)<\/li>\n<\/ul>\n<h2>Diapositives incluses :<\/h2>\n<h3>Taille des diapositives : pr\u00e9visualisation Grand \u00e9cran (16:9)<\/h3>\n<style type=\"text\/css\">\n#foogallery-gallery-12455 .fg-image { width: 215px; }\n#foogallery-gallery-12455 { --fg-gutter: 15px; }<\/style>\n\t\t\t<div class=\"foogallery foogallery-container foogallery-default foogallery-lightbox-dfactory fg-center fg-default fg-ready fg-light fg-border-thin fg-shadow-small fg-loading-default fg-loaded-fade-in fg-hover-fade fg-hover-zoom\" id=\"foogallery-gallery-12455\" data-foogallery=\"{&quot;item&quot;:{&quot;showCaptionTitle&quot;:true,&quot;showCaptionDescription&quot;:false},&quot;lazy&quot;:true}\" style=\"--fg-title-line-clamp: 0; --fg-description-line-clamp: 0;\" >\n\t<div class=\"fg-item fg-type-image fg-idle\"><figure class=\"fg-item-inner\"><a href=\"https:\/\/images.showeet.com\/2016\/10\/2017-Calendar-PowerPoint.png\" data-attachment-id=\"12441\" data-rel=\"lightbox-image-bGlnaHRib3g=\" data-rl_title=\"Free 2017 Calendar for PowerPoint\" data-rl_caption=\"\" data-type=\"image\" class=\"fg-thumb\" title=\"Free 2017 Calendar for PowerPoint\"><span class=\"fg-image-wrap\"><img decoding=\"async\" width=\"215\" height=\"122\" class=\"skip-lazy fg-image\" data-src-fg=\"https:\/\/www.showeet.com\/wp-content\/uploads\/cache\/2017-Calendar-PowerPoint\/2664899617.png\" src=\"data:image\/svg+xml,%3Csvg%20xmlns%3D%22http%3A%2F%2Fwww.w3.org%2F2000%2Fsvg%22%20width%3D%22215%22%20height%3D%22122%22%20viewBox%3D%220%200%20215%20122%22%3E%3C%2Fsvg%3E\" loading=\"eager\"><\/span><span class=\"fg-image-overlay\"><\/span><\/a><\/figure><div class=\"fg-loader\"><\/div><\/div><div class=\"fg-item fg-type-image fg-idle\"><figure class=\"fg-item-inner\"><a href=\"https:\/\/images.showeet.com\/2016\/10\/2017-Calendar-PowerPoint-1.png\" data-attachment-id=\"12444\" data-rel=\"lightbox-image-bGlnaHRib3g=\" data-rl_title=\"Free 2017 Calendar for PowerPoint - Week starts Sunday\" data-rl_caption=\"\" data-type=\"image\" class=\"fg-thumb\" title=\"Free 2017 Calendar for PowerPoint - Week starts Sunday\"><span class=\"fg-image-wrap\"><img decoding=\"async\" width=\"215\" height=\"122\" class=\"skip-lazy fg-image\" data-src-fg=\"https:\/\/www.showeet.com\/wp-content\/uploads\/cache\/2017-Calendar-PowerPoint-1\/3400084431.png\" src=\"data:image\/svg+xml,%3Csvg%20xmlns%3D%22http%3A%2F%2Fwww.w3.org%2F2000%2Fsvg%22%20width%3D%22215%22%20height%3D%22122%22%20viewBox%3D%220%200%20215%20122%22%3E%3C%2Fsvg%3E\" loading=\"eager\"><\/span><span class=\"fg-image-overlay\"><\/span><\/a><\/figure><div class=\"fg-loader\"><\/div><\/div><div class=\"fg-item fg-type-image fg-idle\"><figure class=\"fg-item-inner\"><a href=\"https:\/\/images.showeet.com\/2016\/10\/2017-Calendar-PowerPoint-2.png\" data-attachment-id=\"12447\" data-rel=\"lightbox-image-bGlnaHRib3g=\" data-rl_title=\"Free 2017 Calendar for PowerPoint - Week starts Sunday (dark background)\" data-rl_caption=\"\" data-type=\"image\" class=\"fg-thumb\" title=\"Free 2017 Calendar for PowerPoint - Week starts Sunday (dark background)\"><span class=\"fg-image-wrap\"><img decoding=\"async\" width=\"215\" height=\"122\" class=\"skip-lazy fg-image\" data-src-fg=\"https:\/\/www.showeet.com\/wp-content\/uploads\/cache\/2017-Calendar-PowerPoint-2\/3553261055.png\" src=\"data:image\/svg+xml,%3Csvg%20xmlns%3D%22http%3A%2F%2Fwww.w3.org%2F2000%2Fsvg%22%20width%3D%22215%22%20height%3D%22122%22%20viewBox%3D%220%200%20215%20122%22%3E%3C%2Fsvg%3E\" loading=\"eager\"><\/span><span class=\"fg-image-overlay\"><\/span><\/a><\/figure><div class=\"fg-loader\"><\/div><\/div><div class=\"fg-item fg-type-image fg-idle\"><figure class=\"fg-item-inner\"><a href=\"https:\/\/images.showeet.com\/2016\/10\/2017-Calendar-PowerPoint-3.png\" data-attachment-id=\"12450\" data-rel=\"lightbox-image-bGlnaHRib3g=\" data-rl_title=\"Free 2017 Calendar for PowerPoint - Week starts Monday\" data-rl_caption=\"\" data-type=\"image\" class=\"fg-thumb\" title=\"Free 2017 Calendar for PowerPoint - Week starts Monday\"><span class=\"fg-image-wrap\"><img decoding=\"async\" width=\"215\" height=\"122\" class=\"skip-lazy fg-image\" data-src-fg=\"https:\/\/www.showeet.com\/wp-content\/uploads\/cache\/2017-Calendar-PowerPoint-3\/628740325.png\" src=\"data:image\/svg+xml,%3Csvg%20xmlns%3D%22http%3A%2F%2Fwww.w3.org%2F2000%2Fsvg%22%20width%3D%22215%22%20height%3D%22122%22%20viewBox%3D%220%200%20215%20122%22%3E%3C%2Fsvg%3E\" loading=\"eager\"><\/span><span class=\"fg-image-overlay\"><\/span><\/a><\/figure><div class=\"fg-loader\"><\/div><\/div><div class=\"fg-item fg-type-image fg-idle\"><figure class=\"fg-item-inner\"><a href=\"https:\/\/images.showeet.com\/2016\/10\/2017-Calendar-PowerPoint-4.png\" data-attachment-id=\"12453\" data-rel=\"lightbox-image-bGlnaHRib3g=\" data-rl_title=\"Free 2017 Calendar for PowerPoint - Week starts Monday (dark background)\" data-rl_caption=\"\" data-type=\"image\" class=\"fg-thumb\" title=\"Free 2017 Calendar for PowerPoint - Week starts Monday (dark background)\"><span class=\"fg-image-wrap\"><img decoding=\"async\" width=\"215\" height=\"122\" class=\"skip-lazy fg-image\" data-src-fg=\"https:\/\/www.showeet.com\/wp-content\/uploads\/cache\/2017-Calendar-PowerPoint-4\/3092283439.png\" src=\"data:image\/svg+xml,%3Csvg%20xmlns%3D%22http%3A%2F%2Fwww.w3.org%2F2000%2Fsvg%22%20width%3D%22215%22%20height%3D%22122%22%20viewBox%3D%220%200%20215%20122%22%3E%3C%2Fsvg%3E\" loading=\"eager\"><\/span><span class=\"fg-image-overlay\"><\/span><\/a><\/figure><div class=\"fg-loader\"><\/div><\/div><\/div>\n<style type=\"text\/css\">.foogallery-default.border-style-square-white a, .foogallery-default.border-style-square-white a:hover {\r\nbox-shadow: 0 1px 3px rgba(0, 0, 0, 0.3);\r\n}<\/style>\n<h2>T\u00e9l\u00e9chargez le \u2018Calendrier 2017 Color\u00e9 pour PowerPoint et Keynote\u2019 gratuitement !<\/h2>\n","protected":false},"excerpt":{"rendered":"<p>Calendrier 2017 color\u00e9 gratuit pour PowerPoint et Keynote. Calendrier avec tous les mois de l\u2019ann\u00e9e sur 1 diapositive. 2 versions, avec d\u00e9but de la semaine le dimanche ou le lundi.<\/p>\n","protected":false},"author":1,"featured_media":12457,"comment_status":"open","ping_status":"closed","sticky":false,"template":"","format":"image","meta":{"_crdt_document":"","ngg_post_thumbnail":0,"footnotes":""},"categories":[139],"tags":[1336,317,162,648,338,164,167,1059,1312,175,319,311,320,1387,321,176],"class_list":["post-12477","post","type-post","status-publish","format-image","has-post-thumbnail","hentry","category-charts-diagrammes","tag-annee-2017","tag-agenda-fr","tag-calendrier","tag-calendrier-imprimable","tag-editable-fr","tag-emploi-du-temps","tag-gestion-projet","tag-grand-ecran","tag-keynote-fr","tag-multicolore","tag-planification","tag-powerpoint-fr","tag-pptx-fr","tag-timetable-fr","tag-timing-fr","tag-version-imprimable","post_format-post-format-image","generate-columns","tablet-grid-50","mobile-grid-100","grid-parent","grid-50"],"yoast_head":"<!-- This site is optimized with the Yoast SEO plugin v26.8 - https:\/\/yoast.com\/product\/yoast-seo-wordpress\/ -->\n<title>Calendrier 2017 Color\u00e9 pour PowerPoint et Keynote - Showeet<\/title>\n<meta name=\"description\" content=\"Calendrier 2017 color\u00e9 gratuit pour PowerPoint et Keynote. Pr\u00eat \u00e0 imprim\u00e9 ou \u00e0 ins\u00e9rer dans une pr\u00e9sentation. Formats standard (4:3) et Grand \u00e9cran (16:9).\" \/>\n<meta name=\"robots\" content=\"index, follow, max-snippet:-1, max-image-preview:large, max-video-preview:-1\" \/>\n<link rel=\"canonical\" href=\"https:\/\/www.showeet.com\/fr\/06\/10\/2016\/charts-diagrammes\/calendrier-2017-colore-pour-powerpoint-et-keynote\/\" \/>\n<meta property=\"og:locale\" content=\"fr_FR\" \/>\n<meta property=\"og:type\" content=\"article\" \/>\n<meta property=\"og:title\" content=\"Calendrier 2017 Color\u00e9 pour PowerPoint et Keynote - Showeet\" \/>\n<meta property=\"og:description\" content=\"Calendrier 2017 color\u00e9 gratuit pour PowerPoint et Keynote. Pr\u00eat \u00e0 imprim\u00e9 ou \u00e0 ins\u00e9rer dans une pr\u00e9sentation. Formats standard (4:3) et Grand \u00e9cran (16:9).\" \/>\n<meta property=\"og:url\" content=\"https:\/\/www.showeet.com\/fr\/06\/10\/2016\/charts-diagrammes\/calendrier-2017-colore-pour-powerpoint-et-keynote\/\" \/>\n<meta property=\"og:site_name\" content=\"Showeet\" \/>\n<meta property=\"article:publisher\" content=\"https:\/\/www.facebook.com\/showeetcom\" \/>\n<meta property=\"article:published_time\" content=\"2016-10-07T04:17:00+00:00\" \/>\n<meta property=\"article:modified_time\" content=\"2021-07-12T01:13:42+00:00\" \/>\n<meta property=\"og:image\" content=\"https:\/\/www.showeet.com\/wp-content\/uploads\/Colorful-2017-Calendar-PowerPoint.png\" \/>\n\t<meta property=\"og:image:width\" content=\"720\" \/>\n\t<meta property=\"og:image:height\" content=\"340\" \/>\n\t<meta property=\"og:image:type\" content=\"image\/png\" \/>\n<meta name=\"author\" content=\"Zirk\" \/>\n<meta name=\"twitter:card\" content=\"summary_large_image\" \/>\n<meta name=\"twitter:creator\" content=\"@showeet\" \/>\n<meta name=\"twitter:site\" content=\"@showeet\" \/>\n<meta name=\"twitter:label1\" content=\"\u00c9crit par\" \/>\n\t<meta name=\"twitter:data1\" content=\"Zirk\" \/>\n\t<meta name=\"twitter:label2\" content=\"Dur\u00e9e de lecture estim\u00e9e\" \/>\n\t<meta name=\"twitter:data2\" content=\"1 minute\" \/>\n<script type=\"application\/ld+json\" class=\"yoast-schema-graph\">{\"@context\":\"https:\/\/schema.org\",\"@graph\":[{\"@type\":\"Article\",\"@id\":\"https:\/\/www.showeet.com\/fr\/06\/10\/2016\/charts-diagrammes\/calendrier-2017-colore-pour-powerpoint-et-keynote\/#article\",\"isPartOf\":{\"@id\":\"https:\/\/www.showeet.com\/fr\/06\/10\/2016\/charts-diagrammes\/calendrier-2017-colore-pour-powerpoint-et-keynote\/\"},\"author\":{\"name\":\"Zirk\",\"@id\":\"https:\/\/www.showeet.com\/fr\/#\/schema\/person\/29f8bea35cfb70a5dcd3f2f4514b4c73\"},\"headline\":\"Calendrier 2017 Color\u00e9 pour PowerPoint et Keynote\",\"datePublished\":\"2016-10-07T04:17:00+00:00\",\"dateModified\":\"2021-07-12T01:13:42+00:00\",\"mainEntityOfPage\":{\"@id\":\"https:\/\/www.showeet.com\/fr\/06\/10\/2016\/charts-diagrammes\/calendrier-2017-colore-pour-powerpoint-et-keynote\/\"},\"wordCount\":169,\"commentCount\":0,\"publisher\":{\"@id\":\"https:\/\/www.showeet.com\/fr\/#organization\"},\"image\":{\"@id\":\"https:\/\/www.showeet.com\/fr\/06\/10\/2016\/charts-diagrammes\/calendrier-2017-colore-pour-powerpoint-et-keynote\/#primaryimage\"},\"thumbnailUrl\":\"https:\/\/www.showeet.com\/wp-content\/uploads\/Colorful-2017-Calendar-PowerPoint.png\",\"keywords\":[\"2017\",\"Agenda\",\"Calendrier\",\"Calendrier imprimable\",\"Editable\",\"Emploi du temps\",\"Gestion de projet\",\"Grand \u00e9cran\",\"Keynote\",\"Multicolore\",\"Planification\",\"PowerPoint\",\"PPTX\",\"Timetable\",\"Timing\",\"Version imprimable\"],\"articleSection\":[\"Charts &amp; diagrammes\"],\"inLanguage\":\"fr-FR\",\"potentialAction\":[{\"@type\":\"CommentAction\",\"name\":\"Comment\",\"target\":[\"https:\/\/www.showeet.com\/fr\/06\/10\/2016\/charts-diagrammes\/calendrier-2017-colore-pour-powerpoint-et-keynote\/#respond\"]}]},{\"@type\":\"WebPage\",\"@id\":\"https:\/\/www.showeet.com\/fr\/06\/10\/2016\/charts-diagrammes\/calendrier-2017-colore-pour-powerpoint-et-keynote\/\",\"url\":\"https:\/\/www.showeet.com\/fr\/06\/10\/2016\/charts-diagrammes\/calendrier-2017-colore-pour-powerpoint-et-keynote\/\",\"name\":\"Calendrier 2017 Color\u00e9 pour PowerPoint et Keynote - Showeet\",\"isPartOf\":{\"@id\":\"https:\/\/www.showeet.com\/fr\/#website\"},\"primaryImageOfPage\":{\"@id\":\"https:\/\/www.showeet.com\/fr\/06\/10\/2016\/charts-diagrammes\/calendrier-2017-colore-pour-powerpoint-et-keynote\/#primaryimage\"},\"image\":{\"@id\":\"https:\/\/www.showeet.com\/fr\/06\/10\/2016\/charts-diagrammes\/calendrier-2017-colore-pour-powerpoint-et-keynote\/#primaryimage\"},\"thumbnailUrl\":\"https:\/\/www.showeet.com\/wp-content\/uploads\/Colorful-2017-Calendar-PowerPoint.png\",\"datePublished\":\"2016-10-07T04:17:00+00:00\",\"dateModified\":\"2021-07-12T01:13:42+00:00\",\"description\":\"Calendrier 2017 color\u00e9 gratuit pour PowerPoint et Keynote. Pr\u00eat \u00e0 imprim\u00e9 ou \u00e0 ins\u00e9rer dans une pr\u00e9sentation. Formats standard (4:3) et Grand \u00e9cran (16:9).\",\"breadcrumb\":{\"@id\":\"https:\/\/www.showeet.com\/fr\/06\/10\/2016\/charts-diagrammes\/calendrier-2017-colore-pour-powerpoint-et-keynote\/#breadcrumb\"},\"inLanguage\":\"fr-FR\",\"potentialAction\":[{\"@type\":\"ReadAction\",\"target\":[\"https:\/\/www.showeet.com\/fr\/06\/10\/2016\/charts-diagrammes\/calendrier-2017-colore-pour-powerpoint-et-keynote\/\"]}]},{\"@type\":\"ImageObject\",\"inLanguage\":\"fr-FR\",\"@id\":\"https:\/\/www.showeet.com\/fr\/06\/10\/2016\/charts-diagrammes\/calendrier-2017-colore-pour-powerpoint-et-keynote\/#primaryimage\",\"url\":\"https:\/\/www.showeet.com\/wp-content\/uploads\/Colorful-2017-Calendar-PowerPoint.png\",\"contentUrl\":\"https:\/\/www.showeet.com\/wp-content\/uploads\/Colorful-2017-Calendar-PowerPoint.png\",\"width\":720,\"height\":340},{\"@type\":\"BreadcrumbList\",\"@id\":\"https:\/\/www.showeet.com\/fr\/06\/10\/2016\/charts-diagrammes\/calendrier-2017-colore-pour-powerpoint-et-keynote\/#breadcrumb\",\"itemListElement\":[{\"@type\":\"ListItem\",\"position\":1,\"name\":\"Home\",\"item\":\"https:\/\/www.showeet.com\/fr\/\"},{\"@type\":\"ListItem\",\"position\":2,\"name\":\"Calendrier 2017 Color\u00e9 pour PowerPoint et Keynote\"}]},{\"@type\":\"WebSite\",\"@id\":\"https:\/\/www.showeet.com\/fr\/#website\",\"url\":\"https:\/\/www.showeet.com\/fr\/\",\"name\":\"Showeet\",\"description\":\"Mod\u00e8les PowerPoint Gratuits et Cr\u00e9atifs\",\"publisher\":{\"@id\":\"https:\/\/www.showeet.com\/fr\/#organization\"},\"potentialAction\":[{\"@type\":\"SearchAction\",\"target\":{\"@type\":\"EntryPoint\",\"urlTemplate\":\"https:\/\/www.showeet.com\/fr\/?s={search_term_string}\"},\"query-input\":{\"@type\":\"PropertyValueSpecification\",\"valueRequired\":true,\"valueName\":\"search_term_string\"}}],\"inLanguage\":\"fr-FR\"},{\"@type\":\"Organization\",\"@id\":\"https:\/\/www.showeet.com\/fr\/#organization\",\"name\":\"Showeet\",\"url\":\"https:\/\/www.showeet.com\/fr\/\",\"logo\":{\"@type\":\"ImageObject\",\"inLanguage\":\"fr-FR\",\"@id\":\"https:\/\/www.showeet.com\/fr\/#\/schema\/logo\/image\/\",\"url\":\"https:\/\/www.showeet.com\/wp-content\/uploads\/showeet-logo.png\",\"contentUrl\":\"https:\/\/www.showeet.com\/wp-content\/uploads\/showeet-logo.png\",\"width\":160,\"height\":40,\"caption\":\"Showeet\"},\"image\":{\"@id\":\"https:\/\/www.showeet.com\/fr\/#\/schema\/logo\/image\/\"},\"sameAs\":[\"https:\/\/www.facebook.com\/showeetcom\",\"https:\/\/x.com\/showeet\",\"https:\/\/www.pinterest.com\/showeet\/\"]},{\"@type\":\"Person\",\"@id\":\"https:\/\/www.showeet.com\/fr\/#\/schema\/person\/29f8bea35cfb70a5dcd3f2f4514b4c73\",\"name\":\"Zirk\",\"sameAs\":[\"ZuJL\"]}]}<\/script>\n<!-- \/ Yoast SEO plugin. -->","yoast_head_json":{"title":"Calendrier 2017 Color\u00e9 pour PowerPoint et Keynote - Showeet","description":"Calendrier 2017 color\u00e9 gratuit pour PowerPoint et Keynote. Pr\u00eat \u00e0 imprim\u00e9 ou \u00e0 ins\u00e9rer dans une pr\u00e9sentation. Formats standard (4:3) et Grand \u00e9cran (16:9).","robots":{"index":"index","follow":"follow","max-snippet":"max-snippet:-1","max-image-preview":"max-image-preview:large","max-video-preview":"max-video-preview:-1"},"canonical":"https:\/\/www.showeet.com\/fr\/06\/10\/2016\/charts-diagrammes\/calendrier-2017-colore-pour-powerpoint-et-keynote\/","og_locale":"fr_FR","og_type":"article","og_title":"Calendrier 2017 Color\u00e9 pour PowerPoint et Keynote - Showeet","og_description":"Calendrier 2017 color\u00e9 gratuit pour PowerPoint et Keynote. Pr\u00eat \u00e0 imprim\u00e9 ou \u00e0 ins\u00e9rer dans une pr\u00e9sentation. Formats standard (4:3) et Grand \u00e9cran (16:9).","og_url":"https:\/\/www.showeet.com\/fr\/06\/10\/2016\/charts-diagrammes\/calendrier-2017-colore-pour-powerpoint-et-keynote\/","og_site_name":"Showeet","article_publisher":"https:\/\/www.facebook.com\/showeetcom","article_published_time":"2016-10-07T04:17:00+00:00","article_modified_time":"2021-07-12T01:13:42+00:00","og_image":[{"width":720,"height":340,"url":"https:\/\/www.showeet.com\/wp-content\/uploads\/Colorful-2017-Calendar-PowerPoint.png","type":"image\/png"}],"author":"Zirk","twitter_card":"summary_large_image","twitter_creator":"@showeet","twitter_site":"@showeet","twitter_misc":{"\u00c9crit par":"Zirk","Dur\u00e9e de lecture estim\u00e9e":"1 minute"},"schema":{"@context":"https:\/\/schema.org","@graph":[{"@type":"Article","@id":"https:\/\/www.showeet.com\/fr\/06\/10\/2016\/charts-diagrammes\/calendrier-2017-colore-pour-powerpoint-et-keynote\/#article","isPartOf":{"@id":"https:\/\/www.showeet.com\/fr\/06\/10\/2016\/charts-diagrammes\/calendrier-2017-colore-pour-powerpoint-et-keynote\/"},"author":{"name":"Zirk","@id":"https:\/\/www.showeet.com\/fr\/#\/schema\/person\/29f8bea35cfb70a5dcd3f2f4514b4c73"},"headline":"Calendrier 2017 Color\u00e9 pour PowerPoint et Keynote","datePublished":"2016-10-07T04:17:00+00:00","dateModified":"2021-07-12T01:13:42+00:00","mainEntityOfPage":{"@id":"https:\/\/www.showeet.com\/fr\/06\/10\/2016\/charts-diagrammes\/calendrier-2017-colore-pour-powerpoint-et-keynote\/"},"wordCount":169,"commentCount":0,"publisher":{"@id":"https:\/\/www.showeet.com\/fr\/#organization"},"image":{"@id":"https:\/\/www.showeet.com\/fr\/06\/10\/2016\/charts-diagrammes\/calendrier-2017-colore-pour-powerpoint-et-keynote\/#primaryimage"},"thumbnailUrl":"https:\/\/www.showeet.com\/wp-content\/uploads\/Colorful-2017-Calendar-PowerPoint.png","keywords":["2017","Agenda","Calendrier","Calendrier imprimable","Editable","Emploi du temps","Gestion de projet","Grand \u00e9cran","Keynote","Multicolore","Planification","PowerPoint","PPTX","Timetable","Timing","Version imprimable"],"articleSection":["Charts &amp; diagrammes"],"inLanguage":"fr-FR","potentialAction":[{"@type":"CommentAction","name":"Comment","target":["https:\/\/www.showeet.com\/fr\/06\/10\/2016\/charts-diagrammes\/calendrier-2017-colore-pour-powerpoint-et-keynote\/#respond"]}]},{"@type":"WebPage","@id":"https:\/\/www.showeet.com\/fr\/06\/10\/2016\/charts-diagrammes\/calendrier-2017-colore-pour-powerpoint-et-keynote\/","url":"https:\/\/www.showeet.com\/fr\/06\/10\/2016\/charts-diagrammes\/calendrier-2017-colore-pour-powerpoint-et-keynote\/","name":"Calendrier 2017 Color\u00e9 pour PowerPoint et Keynote - Showeet","isPartOf":{"@id":"https:\/\/www.showeet.com\/fr\/#website"},"primaryImageOfPage":{"@id":"https:\/\/www.showeet.com\/fr\/06\/10\/2016\/charts-diagrammes\/calendrier-2017-colore-pour-powerpoint-et-keynote\/#primaryimage"},"image":{"@id":"https:\/\/www.showeet.com\/fr\/06\/10\/2016\/charts-diagrammes\/calendrier-2017-colore-pour-powerpoint-et-keynote\/#primaryimage"},"thumbnailUrl":"https:\/\/www.showeet.com\/wp-content\/uploads\/Colorful-2017-Calendar-PowerPoint.png","datePublished":"2016-10-07T04:17:00+00:00","dateModified":"2021-07-12T01:13:42+00:00","description":"Calendrier 2017 color\u00e9 gratuit pour PowerPoint et Keynote. Pr\u00eat \u00e0 imprim\u00e9 ou \u00e0 ins\u00e9rer dans une pr\u00e9sentation. Formats standard (4:3) et Grand \u00e9cran (16:9).","breadcrumb":{"@id":"https:\/\/www.showeet.com\/fr\/06\/10\/2016\/charts-diagrammes\/calendrier-2017-colore-pour-powerpoint-et-keynote\/#breadcrumb"},"inLanguage":"fr-FR","potentialAction":[{"@type":"ReadAction","target":["https:\/\/www.showeet.com\/fr\/06\/10\/2016\/charts-diagrammes\/calendrier-2017-colore-pour-powerpoint-et-keynote\/"]}]},{"@type":"ImageObject","inLanguage":"fr-FR","@id":"https:\/\/www.showeet.com\/fr\/06\/10\/2016\/charts-diagrammes\/calendrier-2017-colore-pour-powerpoint-et-keynote\/#primaryimage","url":"https:\/\/www.showeet.com\/wp-content\/uploads\/Colorful-2017-Calendar-PowerPoint.png","contentUrl":"https:\/\/www.showeet.com\/wp-content\/uploads\/Colorful-2017-Calendar-PowerPoint.png","width":720,"height":340},{"@type":"BreadcrumbList","@id":"https:\/\/www.showeet.com\/fr\/06\/10\/2016\/charts-diagrammes\/calendrier-2017-colore-pour-powerpoint-et-keynote\/#breadcrumb","itemListElement":[{"@type":"ListItem","position":1,"name":"Home","item":"https:\/\/www.showeet.com\/fr\/"},{"@type":"ListItem","position":2,"name":"Calendrier 2017 Color\u00e9 pour PowerPoint et Keynote"}]},{"@type":"WebSite","@id":"https:\/\/www.showeet.com\/fr\/#website","url":"https:\/\/www.showeet.com\/fr\/","name":"Showeet","description":"Mod\u00e8les PowerPoint Gratuits et Cr\u00e9atifs","publisher":{"@id":"https:\/\/www.showeet.com\/fr\/#organization"},"potentialAction":[{"@type":"SearchAction","target":{"@type":"EntryPoint","urlTemplate":"https:\/\/www.showeet.com\/fr\/?s={search_term_string}"},"query-input":{"@type":"PropertyValueSpecification","valueRequired":true,"valueName":"search_term_string"}}],"inLanguage":"fr-FR"},{"@type":"Organization","@id":"https:\/\/www.showeet.com\/fr\/#organization","name":"Showeet","url":"https:\/\/www.showeet.com\/fr\/","logo":{"@type":"ImageObject","inLanguage":"fr-FR","@id":"https:\/\/www.showeet.com\/fr\/#\/schema\/logo\/image\/","url":"https:\/\/www.showeet.com\/wp-content\/uploads\/showeet-logo.png","contentUrl":"https:\/\/www.showeet.com\/wp-content\/uploads\/showeet-logo.png","width":160,"height":40,"caption":"Showeet"},"image":{"@id":"https:\/\/www.showeet.com\/fr\/#\/schema\/logo\/image\/"},"sameAs":["https:\/\/www.facebook.com\/showeetcom","https:\/\/x.com\/showeet","https:\/\/www.pinterest.com\/showeet\/"]},{"@type":"Person","@id":"https:\/\/www.showeet.com\/fr\/#\/schema\/person\/29f8bea35cfb70a5dcd3f2f4514b4c73","name":"Zirk","sameAs":["ZuJL"]}]}},"views":12333,"_links":{"self":[{"href":"https:\/\/www.showeet.com\/fr\/wp-json\/wp\/v2\/posts\/12477","targetHints":{"allow":["GET"]}}],"collection":[{"href":"https:\/\/www.showeet.com\/fr\/wp-json\/wp\/v2\/posts"}],"about":[{"href":"https:\/\/www.showeet.com\/fr\/wp-json\/wp\/v2\/types\/post"}],"author":[{"embeddable":true,"href":"https:\/\/www.showeet.com\/fr\/wp-json\/wp\/v2\/users\/1"}],"replies":[{"embeddable":true,"href":"https:\/\/www.showeet.com\/fr\/wp-json\/wp\/v2\/comments?post=12477"}],"version-history":[{"count":0,"href":"https:\/\/www.showeet.com\/fr\/wp-json\/wp\/v2\/posts\/12477\/revisions"}],"wp:featuredmedia":[{"embeddable":true,"href":"https:\/\/www.showeet.com\/fr\/wp-json\/wp\/v2\/media\/12457"}],"wp:attachment":[{"href":"https:\/\/www.showeet.com\/fr\/wp-json\/wp\/v2\/media?parent=12477"}],"wp:term":[{"taxonomy":"category","embeddable":true,"href":"https:\/\/www.showeet.com\/fr\/wp-json\/wp\/v2\/categories?post=12477"},{"taxonomy":"post_tag","embeddable":true,"href":"https:\/\/www.showeet.com\/fr\/wp-json\/wp\/v2\/tags?post=12477"}],"curies":[{"name":"wp","href":"https:\/\/api.w.org\/{rel}","templated":true}]}}